{"id":5089,"date":"2020-04-15T11:25:22","date_gmt":"2020-04-15T08:25:22","guid":{"rendered":"http:\/\/3la3.ro\/ro\/?p=5089"},"modified":"2020-04-15T11:29:42","modified_gmt":"2020-04-15T08:29:42","slug":"gabi-marginean-va-juca-in-franta-la-o-echipa-de-eurocup","status":"publish","type":"post","link":"https:\/\/3la3.ro\/ro\/gabi-marginean-va-juca-in-franta-la-o-echipa-de-eurocup_5089.html","title":{"rendered":"Gabi M\u0103rginean va juca \u00een Fran\u021ba la o echip\u0103 de Eurocup"},"content":{"rendered":"<p>Gabriela M\u0103rginean va evolua \u00een sezonul viitor la Landerneau Bretagne Basket, o echip\u0103 din Fran\u021ba care s-a calificat \u0219i va evolua \u00een FIBA EuropeCup Women, a doua competi\u021bie european\u0103 ca valoare.<\/p>\n<p>M\u0103rginean revine \u00een Fran\u021ba dup\u0103 ce \u00een sezonul 2011-2012 a evoluat pentru Arras Basket, echip\u0103 cu care a c\u00e2\u0219tigat Cupa Fran\u021bei \u0219i a jucat de asemenea \u00een Eurocup, cu medii de 16,9 puncte \u0219i 4,9 recuper\u0103ri pe meci.<\/p>\n<p>&#8222;E un campionat puternic care se concentreaz\u0103 pe ambele p\u0103r\u021bi ale terenului at\u00e2t in atac c\u00e2t \u0219i in aparare, poate chiar mai mult pe partea defensiv\u0103. Am mai jucat \u00een Fran\u021ba, dar eram mai t\u00e2n\u0103ra, dar \u0219i cu echipele de Euroliga la care am evoluat am prins meciuri \u00een Fran\u021ba deci cunosc campionatul. Echipa la care merg acum nu exista c\u00e2nd eram eu la Arras dar dup\u0103 ce am vorbit cu antrenorul mi-a dat o energie foarte bun\u0103 iar mentalitatea lui e pe aceea\u0219i unda cu a mea. Cred c\u0103 va fi o experien\u021b\u0103 frumoas\u0103. \u00cemi doresc s\u0103 ajut echipa c\u00e2t de mult posibil&#8221;, a declarat M\u0103rginean pentru 3la3.ro.<\/p>\n<p>Component\u0103 a na\u021bionalei Rom\u00e2niei de baschet 3&#215;3 care a ob\u021binut calificarea la Jocurile Olimpice direct, \u00een urma clasamentului mondial la data de 1 noiembrie 2019, Gabi M\u0103rginean a jucat \u00een sezonul recent \u00eencheiat \u00een Turcia, la Gelecek Koleji Cukurova.<\/p>\n<p>Noua sa echip\u0103, Landernau Bretagne Basket, a \u00eencheiat pe locul 4 \u00een prima lig\u0103 francez\u0103, ca urmare a suspend\u0103rii sezonului 2019\/2020. Clasarea \u00eei aduce dreptul de joc \u00een stagiunea viitoare \u015fi \u00een FIBA EuropeCup Women, urm\u00e2nd ca FIBA s\u0103 anun\u021be cum \u0219i c\u00e2nd se vor desf\u0103\u0219ura acestea \u00een func\u021bie de evolu\u021bia pandemiei de coronavirus.<\/p>\n<p><a href=\"http:\/\/3la3.ro\/ro\/gabi-marginean-va-juca-in-franta-la-o-echipa-de-eurocup_5089.html\/93215977_3598784063496201_8209459236137074688_n\" rel=\"attachment wp-att-5092\"><img loading=\"lazy\" decoding=\"async\" class=\"aligncenter wp-image-5092 size-full\" src=\"http:\/\/3la3.ro\/ro\/wp-content\/uploads\/2020\/04\/93215977_3598784063496201_8209459236137074688_n.jpg\" alt=\"\" width=\"800\" height=\"800\" srcset=\"https:\/\/3la3.ro\/ro\/wp-content\/uploads\/2020\/04\/93215977_3598784063496201_8209459236137074688_n.jpg 800w, https:\/\/3la3.ro\/ro\/wp-content\/uploads\/2020\/04\/93215977_3598784063496201_8209459236137074688_n-365x365.jpg 365w, https:\/\/3la3.ro\/ro\/wp-content\/uploads\/2020\/04\/93215977_3598784063496201_8209459236137074688_n-768x768.jpg 768w\" sizes=\"(max-width: 800px) 100vw, 800px\" \/><\/a><\/p>\n","protected":false},"excerpt":{"rendered":"<p>Gabriela M\u0103rginean va evolua \u00een sezonul viitor la Landerneau Bretagne Basket, o echip\u0103 din Fran\u021ba care s-a calificat \u0219i va evolua \u00een FIBA EuropeCup Women, a doua competi\u021bie european\u0103 ca valoare. M\u0103rginean revine \u00een Fran\u021ba dup\u0103 ce \u00een sezonul 2011-2012 a evoluat pentru Arras Basket, echip\u0103 cu care a c\u00e2\u0219tigat Cupa Fran\u021bei \u0219i a jucat de asemenea \u00een Eurocup, cu medii de 16,9 puncte \u0219i 4,9 recuper\u0103ri pe meci. &#8222;E un campionat puternic care se concentreaz\u0103 pe ambele p\u0103r\u021bi ale terenului at\u00e2t in atac c\u00e2t \u0219i in aparare, poate chiar&hellip;<\/p>\n","protected":false},"author":1,"featured_media":5090,"comment_status":"open","ping_status":"open","sticky":false,"template":"","format":"standard","meta":{"footnotes":""},"categories":[557,5],"tags":[10,806,741,905,906],"gutentor_comment":0,"_links":{"self":[{"href":"https:\/\/3la3.ro\/ro\/wp-json\/wp\/v2\/posts\/5089"}],"collection":[{"href":"https:\/\/3la3.ro\/ro\/wp-json\/wp\/v2\/posts"}],"about":[{"href":"https:\/\/3la3.ro\/ro\/wp-json\/wp\/v2\/types\/post"}],"author":[{"embeddable":true,"href":"https:\/\/3la3.ro\/ro\/wp-json\/wp\/v2\/users\/1"}],"replies":[{"embeddable":true,"href":"https:\/\/3la3.ro\/ro\/wp-json\/wp\/v2\/comments?post=5089"}],"version-history":[{"count":0,"href":"https:\/\/3la3.ro\/ro\/wp-json\/wp\/v2\/posts\/5089\/revisions"}],"wp:featuredmedia":[{"embeddable":true,"href":"https:\/\/3la3.ro\/ro\/wp-json\/wp\/v2\/media\/5090"}],"wp:attachment":[{"href":"https:\/\/3la3.ro\/ro\/wp-json\/wp\/v2\/media?parent=5089"}],"wp:term":[{"taxonomy":"category","embeddable":true,"href":"https:\/\/3la3.ro\/ro\/wp-json\/wp\/v2\/categories?post=5089"},{"taxonomy":"post_tag","embeddable":true,"href":"https:\/\/3la3.ro\/ro\/wp-json\/wp\/v2\/tags?post=5089"}],"curies":[{"name":"wp","href":"https:\/\/api.w.org\/{rel}","templated":true}]}}