{"id":3278,"date":"2017-07-07T08:03:32","date_gmt":"2017-07-07T06:03:32","guid":{"rendered":"http:\/\/3la3.ro\/ro\/?p=3278"},"modified":"2017-07-07T08:03:32","modified_gmt":"2017-07-07T06:03:32","slug":"hai-romania-fetele-joaca-astazi-meciurile-din-grupa-la-fiba-3x3-europe-cup","status":"publish","type":"post","link":"https:\/\/3la3.ro\/ro\/hai-romania-fetele-joaca-astazi-meciurile-din-grupa-la-fiba-3x3-europe-cup_3278.html","title":{"rendered":"Hai Romania! Fetele joac\u0103 ast\u0103zi meciurile din grup\u0103 la FIBA 3&#215;3 Europe Cup"},"content":{"rendered":"<p>Na\u021bionala feminin\u0103 de baschet 3&#215;3 \u00ee\u0219i joac\u0103 ast\u0103zi meciurile din grup\u0103 la FIBA 3&#215;3 Europe Cup de la Amsterdam. Rom\u00e2nia va \u00eent\u00e2lni Ungaria de la 16.15, ora Rom\u00e2niei \u0219i Elve\u021bia de la 21.55. Meciurile pot fi urm\u0103rite live pe www.youtube.com\/fiba3x3.<\/p>\n<p>Gabriela M\u0103rginean, Sonia Ursu, Anca \u0218ipo\u0219 \u0219i Andra Haas vor juca ast\u0103zi 20 de minute efective de foc, \u00eempotriva a doua dintre cele mai bune na\u021bionale de baschet 3&#215;3 din Europa. Ungaria, principalul cap de serie la Europene \u0219i echipa care ne-a \u00eenvins \u00een finala de la Bucure\u0219ti din 2016.<\/p>\n<p>Din lotul Ungariei, care a cucerit titlul anul trecut, au r\u0103mas Alexandra Theodorean \u0219i Dora Medgyessy, MVP-ul edi\u021biei 2016. Principala noutate o reprezint\u0103 pivotul Bettina Bozoki, 1,91m \u00eent\u0103l\u021bime, care a fost cea mai bun\u0103 marcatoare \u0219i a fost aleas\u0103 \u00een echipa ideal\u0103 de la recentele mondiale din Fran\u021ba, unde Ungaria a ocupat locul doi.<\/p>\n<p>Elve\u021bia este o alt\u0103 adversar\u0103 redutabil\u0103, de care Rom\u00e2nia a trecut \u00een prelungiri anul trecut \u00een semifinale, \u00een drumul c\u0103tre medaliile de argint.<\/p>\n<p>&nbsp;<\/p>\n","protected":false},"excerpt":{"rendered":"<p>Na\u021bionala feminin\u0103 de baschet 3&#215;3 \u00ee\u0219i joac\u0103 ast\u0103zi meciurile din grup\u0103 la FIBA 3&#215;3 Europe Cup de la Amsterdam. Rom\u00e2nia va \u00eent\u00e2lni Ungaria de la 16.15, ora Rom\u00e2niei \u0219i Elve\u021bia de la 21.55. Meciurile pot fi urm\u0103rite live pe www.youtube.com\/fiba3x3. Gabriela M\u0103rginean, Sonia Ursu, Anca \u0218ipo\u0219 \u0219i Andra Haas vor juca ast\u0103zi 20 de minute efective de foc, \u00eempotriva a doua dintre cele mai bune na\u021bionale de baschet 3&#215;3 din Europa. Ungaria, principalul cap de serie la Europene \u0219i echipa care ne-a \u00eenvins \u00een finala de la Bucure\u0219ti din 2016.&hellip;<\/p>\n","protected":false},"author":1,"featured_media":3279,"comment_status":"open","ping_status":"open","sticky":false,"template":"","format":"standard","meta":{"footnotes":""},"categories":[557,5],"tags":[628,238,627,377,461,51,9],"gutentor_comment":0,"_links":{"self":[{"href":"https:\/\/3la3.ro\/ro\/wp-json\/wp\/v2\/posts\/3278"}],"collection":[{"href":"https:\/\/3la3.ro\/ro\/wp-json\/wp\/v2\/posts"}],"about":[{"href":"https:\/\/3la3.ro\/ro\/wp-json\/wp\/v2\/types\/post"}],"author":[{"embeddable":true,"href":"https:\/\/3la3.ro\/ro\/wp-json\/wp\/v2\/users\/1"}],"replies":[{"embeddable":true,"href":"https:\/\/3la3.ro\/ro\/wp-json\/wp\/v2\/comments?post=3278"}],"version-history":[{"count":0,"href":"https:\/\/3la3.ro\/ro\/wp-json\/wp\/v2\/posts\/3278\/revisions"}],"wp:featuredmedia":[{"embeddable":true,"href":"https:\/\/3la3.ro\/ro\/wp-json\/wp\/v2\/media\/3279"}],"wp:attachment":[{"href":"https:\/\/3la3.ro\/ro\/wp-json\/wp\/v2\/media?parent=3278"}],"wp:term":[{"taxonomy":"category","embeddable":true,"href":"https:\/\/3la3.ro\/ro\/wp-json\/wp\/v2\/categories?post=3278"},{"taxonomy":"post_tag","embeddable":true,"href":"https:\/\/3la3.ro\/ro\/wp-json\/wp\/v2\/tags?post=3278"}],"curies":[{"name":"wp","href":"https:\/\/api.w.org\/{rel}","templated":true}]}}