{"id":3221,"date":"2017-06-25T19:46:00","date_gmt":"2017-06-25T17:46:00","guid":{"rendered":"http:\/\/3la3.ro\/ro\/?p=3221"},"modified":"2017-06-25T19:46:00","modified_gmt":"2017-06-25T17:46:00","slug":"nationala-feminina-de-baschet-3x3-s-a-calificat-la-campionatele-europene-baietii-vor-absenta-in-premiera-de-la-turneul-final","status":"publish","type":"post","link":"https:\/\/3la3.ro\/ro\/nationala-feminina-de-baschet-3x3-s-a-calificat-la-campionatele-europene-baietii-vor-absenta-in-premiera-de-la-turneul-final_3221.html","title":{"rendered":"Nationala feminina de baschet 3&#215;3 s-a calificat la Campionatele Europene. Baie\u021bii vor absenta in premier\u0103 de la turneul final"},"content":{"rendered":"<p>Na\u021bionala feminin\u0103 de baschet 3&#215;3 a Rom\u00e2niei a ob\u021binut calificarea la FIBA 3&#215;3 Europe Cup, care va avea loc Amsterdam \u00eentre 7 \u0219i 9 iulie, dup\u0103 ce s-a clasat pe locul patru la turneul de calificare din Andorra, care s-a jucat \u00een zilele de 24 \u0219i 25 iunie. \u00cen calific\u0103rile de la Poitiers, na\u021bionala masculin s-a clasat pe locul 7 \u0219i va absenta, \u00een premier\u0103, de la turneul final.<\/p>\n<p>Pornite din postura de cap de serie num\u0103rul \u0219apte la turneul din Andorra, fetele au ajuns \u00een semifinalele competi\u021biei, unde au pierdut la mare lupt\u0103 cu Elve\u021bia, scor 12-14, dup\u0103 prelungiri. Meciul decisiv pentru calificarea la Campionatele Europene a fost cel din sferturi, cu Estonia, c\u00e2\u0219tigat de fetele noastre cu 16-10. Anca \u0218ipo\u0219, Sonia Ursu, Andra Haas \u0219i Dora Ardelean au f\u0103cut parte din lotul forma\u021biei tricolore, primele trei fiind medaliate cu argint la edi\u021bia de anul trecut a europenelor.<\/p>\n<p>\u00cen calific\u0103rile de la Poitiers, Fran\u021ba, na\u021bionala masculin\u0103 a fost la un pas de o victorie istoric\u0103 \u00een fa\u021ba proaspetei vicecampioane mondiale, Olanda, ced\u00e2nd la mare lupt\u0103 \u00een sferturile de final\u0103, 20-21, dup\u0103 prelungiri. Intra\u021bi apoi \u00een meciurile de clasament pentru calificare, Mihai V\u0103c\u0103rescu, Bogdan Sandu, Cezar B\u0103r\u0103g\u0103u \u0219i Marius Ciotl\u0103u\u0219 au pierdut meciul cu Turcia f\u0103r\u0103 drept de apel, 8-21.<\/p>\n<p>Rom\u00e2nia va absenta \u00een premier\u0103 de la un turneul final al Campionatelor Europene, competi\u021bia masculin\u0103, dup\u0103 ce a g\u0103zduit primele dou\u0103 edi\u021bii. \u00cen 2014, b\u0103ie\u021bii cucereau titlul continental, iar anul trecut atingeau faza sferturilor de final\u0103, fiind elimina\u021bi de Serbia, vicecampioan\u0103 la acea edi\u021bie \u0219i recent c\u00e2\u0219tig\u0103toare a celui de-al treilea titlu mondial.<\/p>\n<p>&nbsp;<\/p>\n","protected":false},"excerpt":{"rendered":"<p>Na\u021bionala feminin\u0103 de baschet 3&#215;3 a Rom\u00e2niei a ob\u021binut calificarea la FIBA 3&#215;3 Europe Cup, care va avea loc Amsterdam \u00eentre 7 \u0219i 9 iulie, dup\u0103 ce s-a clasat pe locul patru la turneul de calificare din Andorra, care s-a jucat \u00een zilele de 24 \u0219i 25 iunie. \u00cen calific\u0103rile de la Poitiers, na\u021bionala masculin s-a clasat pe locul 7 \u0219i va absenta, \u00een premier\u0103, de la turneul final. Pornite din postura de cap de serie num\u0103rul \u0219apte la turneul din Andorra, fetele au ajuns \u00een semifinalele competi\u021biei, unde au&hellip;<\/p>\n","protected":false},"author":1,"featured_media":3222,"comment_status":"open","ping_status":"open","sticky":false,"template":"","format":"standard","meta":{"footnotes":""},"categories":[557,5],"tags":[617,238,496,615,48,616,51],"gutentor_comment":0,"_links":{"self":[{"href":"https:\/\/3la3.ro\/ro\/wp-json\/wp\/v2\/posts\/3221"}],"collection":[{"href":"https:\/\/3la3.ro\/ro\/wp-json\/wp\/v2\/posts"}],"about":[{"href":"https:\/\/3la3.ro\/ro\/wp-json\/wp\/v2\/types\/post"}],"author":[{"embeddable":true,"href":"https:\/\/3la3.ro\/ro\/wp-json\/wp\/v2\/users\/1"}],"replies":[{"embeddable":true,"href":"https:\/\/3la3.ro\/ro\/wp-json\/wp\/v2\/comments?post=3221"}],"version-history":[{"count":0,"href":"https:\/\/3la3.ro\/ro\/wp-json\/wp\/v2\/posts\/3221\/revisions"}],"wp:featuredmedia":[{"embeddable":true,"href":"https:\/\/3la3.ro\/ro\/wp-json\/wp\/v2\/media\/3222"}],"wp:attachment":[{"href":"https:\/\/3la3.ro\/ro\/wp-json\/wp\/v2\/media?parent=3221"}],"wp:term":[{"taxonomy":"category","embeddable":true,"href":"https:\/\/3la3.ro\/ro\/wp-json\/wp\/v2\/categories?post=3221"},{"taxonomy":"post_tag","embeddable":true,"href":"https:\/\/3la3.ro\/ro\/wp-json\/wp\/v2\/tags?post=3221"}],"curies":[{"name":"wp","href":"https:\/\/api.w.org\/{rel}","templated":true}]}}